{"id":10193,"date":"2024-06-05T19:11:24","date_gmt":"2024-06-05T19:11:24","guid":{"rendered":"https:\/\/fedemanabi.com.ec\/wpman\/?p=10193"},"modified":"2024-06-05T19:27:43","modified_gmt":"2024-06-05T19:27:43","slug":"manabi-acogera-juegos-nacionales-de-menores","status":"publish","type":"post","link":"https:\/\/fedemanabi.com.ec\/wpman\/blog\/2024\/06\/05\/manabi-acogera-juegos-nacionales-de-menores\/","title":{"rendered":"MANAB\u00cd ACOGER\u00c1 JUEGOS NACIONALES DE MENORES"},"content":{"rendered":"\t\t<div data-elementor-type=\"wp-post\" data-elementor-id=\"10193\" class=\"elementor elementor-10193\">\n\t\t\t\t<div class=\"elementor-element elementor-element-245d2ac e-flex e-con-boxed e-con e-parent\" data-id=\"245d2ac\" data-element_type=\"container\" data-e-type=\"container\">\n\t\t\t\t\t<div class=\"e-con-inner\">\n\t\t\t\t<div class=\"elementor-element elementor-element-6c49548 elementor-widget elementor-widget-text-editor\" data-id=\"6c49548\" data-element_type=\"widget\" data-e-type=\"widget\" data-widget_type=\"text-editor.default\">\n\t\t\t\t<div class=\"elementor-widget-container\">\n\t\t\t\t\t\t\t\t\t<p>Manab\u00ed ser\u00e1 sede de los XVI Juegos Deportivos Nacionales de Menores 2024, previstos del 28 de septiembre al 18 de octubre, seg\u00fan lo confirm\u00f3 esta ma\u00f1ana el ministro del Deporte, Andr\u00e9s Guschmer.<\/p><p>El anuncio lo hizo durante la inauguraci\u00f3n de la etapa clasificatoria de los Juegos Nacionales Estudiantiles, acto en el que tambi\u00e9n estuvo presente el titular de Federaci\u00f3n Deportiva de Manab\u00ed, Juan Carlos Basurto.<\/p><p>En el mismo acto, Guschmer dio a conocer que la provincia de Los R\u00edos ser\u00e1 la sede de los Juegos Nacionales Prejuveniles 2024, en tanto que Imbabura acoger\u00e1 una nueva edici\u00f3n de los Juegos Nacionales Estudiantiles.<\/p><p>Esta ser\u00e1 la cuarta ocasi\u00f3n que nuestra provincia reciba unos Juegos Deportivos Nacionales, tras ser anfitriona de los VI Juegos Absolutos en 1985, los VII Juegos de Menores en 2012 y los XI Juegos Prejuveniles en 2022<\/p>\t\t\t\t\t\t\t\t<\/div>\n\t\t\t\t<\/div>\n\t\t\t\t\t<\/div>\n\t\t\t\t<\/div>\n\t\t\t\t<\/div>\n\t\t","protected":false},"excerpt":{"rendered":"<p>Manab\u00ed ser\u00e1 sede de los XVI Juegos Deportivos Nacionales de Menores 2024<\/p>\n","protected":false},"author":1,"featured_media":10196,"comment_status":"closed","ping_status":"closed","sticky":false,"template":"","format":"standard","meta":{"footnotes":""},"categories":[52],"tags":[85],"class_list":["post-10193","post","type-post","status-publish","format-standard","has-post-thumbnail","hentry","category-noticias","tag-juegos-nacionales"],"_links":{"self":[{"href":"https:\/\/fedemanabi.com.ec\/wpman\/wp-json\/wp\/v2\/posts\/10193","targetHints":{"allow":["GET"]}}],"collection":[{"href":"https:\/\/fedemanabi.com.ec\/wpman\/wp-json\/wp\/v2\/posts"}],"about":[{"href":"https:\/\/fedemanabi.com.ec\/wpman\/wp-json\/wp\/v2\/types\/post"}],"author":[{"embeddable":true,"href":"https:\/\/fedemanabi.com.ec\/wpman\/wp-json\/wp\/v2\/users\/1"}],"replies":[{"embeddable":true,"href":"https:\/\/fedemanabi.com.ec\/wpman\/wp-json\/wp\/v2\/comments?post=10193"}],"version-history":[{"count":14,"href":"https:\/\/fedemanabi.com.ec\/wpman\/wp-json\/wp\/v2\/posts\/10193\/revisions"}],"predecessor-version":[{"id":10210,"href":"https:\/\/fedemanabi.com.ec\/wpman\/wp-json\/wp\/v2\/posts\/10193\/revisions\/10210"}],"wp:featuredmedia":[{"embeddable":true,"href":"https:\/\/fedemanabi.com.ec\/wpman\/wp-json\/wp\/v2\/media\/10196"}],"wp:attachment":[{"href":"https:\/\/fedemanabi.com.ec\/wpman\/wp-json\/wp\/v2\/media?parent=10193"}],"wp:term":[{"taxonomy":"category","embeddable":true,"href":"https:\/\/fedemanabi.com.ec\/wpman\/wp-json\/wp\/v2\/categories?post=10193"},{"taxonomy":"post_tag","embeddable":true,"href":"https:\/\/fedemanabi.com.ec\/wpman\/wp-json\/wp\/v2\/tags?post=10193"}],"curies":[{"name":"wp","href":"https:\/\/api.w.org\/{rel}","templated":true}]}}