{"id":10393,"date":"2024-08-11T23:23:00","date_gmt":"2024-08-11T23:23:00","guid":{"rendered":"https:\/\/fedemanabi.com.ec\/wpman\/?p=10393"},"modified":"2024-09-15T23:28:40","modified_gmt":"2024-09-15T23:28:40","slug":"manabi-campeon-del-open-ciudad-de-portoviejo","status":"publish","type":"post","link":"https:\/\/fedemanabi.com.ec\/wpman\/blog\/2024\/08\/11\/manabi-campeon-del-open-ciudad-de-portoviejo\/","title":{"rendered":"MANABI CAMPE\u00d3N DEL OPEN \u201cCIUDAD DE PORTOVIEJO\u201d"},"content":{"rendered":"\t\t<div data-elementor-type=\"wp-post\" data-elementor-id=\"10393\" class=\"elementor elementor-10393\">\n\t\t\t\t<div class=\"elementor-element elementor-element-6269a15 e-flex e-con-boxed e-con e-parent\" data-id=\"6269a15\" data-element_type=\"container\" data-e-type=\"container\">\n\t\t\t\t\t<div class=\"e-con-inner\">\n\t\t\t\t<div class=\"elementor-element elementor-element-8289484 elementor-widget elementor-widget-text-editor\" data-id=\"8289484\" data-element_type=\"widget\" data-e-type=\"widget\" data-widget_type=\"text-editor.default\">\n\t\t\t\t<div class=\"elementor-widget-container\">\n\t\t\t\t\t\t\t\t\t<div class=\"x11i5rnm xat24cr x1mh8g0r x1vvkbs xtlvy1s x126k92a\"><div dir=\"auto\">Manab\u00ed se coron\u00f3 campe\u00f3n del Open de Taekwondo \u00abCiudad de Portoviejo\u00bb, que se celebr\u00f3 el s\u00e1bado anterior con la participaci\u00f3n de 21 delegaciones en las categor\u00edas infantiles y menores.<br \/><br \/><\/div><\/div><div class=\"x11i5rnm xat24cr x1mh8g0r x1vvkbs xtlvy1s x126k92a\"><div dir=\"auto\">Nuestros deportistas, dirigidos por los entrenadores Roynar Ponce y Carlos Balda, obtuvieron un total de 34 medallas, de las cuales 9 fueron de oro, 10 de plata y 15 de bronce.<\/div><\/div><div class=\"x11i5rnm xat24cr x1mh8g0r x1vvkbs xtlvy1s x126k92a\"><div dir=\"auto\"><br \/>Medallistas de oro: Jorge Cede\u00f1o, Jean Pierre Castro, Davis Villafuerte, Osiel Hermidas, Genni Cevallos, Sheyla Cevallos, Danna Parrales, Luisa Ponce y Mayt\u00e9 Pallaroso.<\/div><\/div><div class=\"x11i5rnm xat24cr x1mh8g0r x1vvkbs xtlvy1s x126k92a\"><div dir=\"auto\"><br \/>Medallistas de plata: Sof\u00eda Guerrero, Sheryl Pin, Jeanile Zambrano, Ainoha Garc\u00eda, Jos\u00e9 P\u00e1ez y Daria Bone.<\/div><\/div><div class=\"x11i5rnm xat24cr x1mh8g0r x1vvkbs xtlvy1s x126k92a\"><div dir=\"auto\"><br \/>Medallistas de bronce: Andry Bustos, Krustin Pionce, Jes\u00fas Mor\u00e1n, Nicol\u00e1s Mac\u00edas, Brithany Posligua, Lucas Tu\u00e1rez, Leyzith Ch\u00e1vez, Naydelyn Mendoza, Sisa Cevallos, Ailen Zambrano, Marcela Bravo, Mat\u00edas Y\u00e1nez y Ra\u00fal Collantes.<\/div><\/div><div class=\"x11i5rnm xat24cr x1mh8g0r x1vvkbs xtlvy1s x126k92a\"><div dir=\"auto\"><br \/>Adem\u00e1s, 7 deportistas de la Escuela Formativa de Fedemanab\u00ed participaron en el evento, en las categor\u00edas prejuvenil, menor e infantil, demostrando su talento y potencial en esta disciplina deportiva, bajo la supervisi\u00f3n de los deportistas s\u00e9niors Alfredo S\u00e1nchez y Milena S\u00e1nchez.<\/div><\/div><div class=\"x11i5rnm xat24cr x1mh8g0r x1vvkbs xtlvy1s x126k92a\"><div dir=\"auto\"><br \/>Medallistas de oro: Thiago Perero, Camila Villao y Joseph Alvarado.<\/div><\/div><div class=\"x11i5rnm xat24cr x1mh8g0r x1vvkbs xtlvy1s x126k92a\"><div dir=\"auto\"><br \/>Medallistas de plata: Amy Reinoso (se\u00f1orita deporte del evento), Irley \u00c1vila y V\u00edctor Garc\u00eda.<\/div><\/div><div class=\"x11i5rnm xat24cr x1mh8g0r x1vvkbs xtlvy1s x126k92a\"><div dir=\"auto\"><br \/>Medallista de bronce: Emily Napa.<\/div><\/div>\t\t\t\t\t\t\t\t<\/div>\n\t\t\t\t<\/div>\n\t\t\t\t\t<\/div>\n\t\t\t\t<\/div>\n\t\t\t\t<\/div>\n\t\t","protected":false},"excerpt":{"rendered":"<p>Manab\u00ed se coron\u00f3 campe\u00f3n del Open de Taekwondo \u00abCiudad de Portoviejo\u00bb, que se celebr\u00f3 el s\u00e1bado anterior con la <\/p>\n","protected":false},"author":1,"featured_media":10394,"comment_status":"closed","ping_status":"open","sticky":false,"template":"","format":"standard","meta":{"footnotes":""},"categories":[52],"tags":[53],"class_list":["post-10393","post","type-post","status-publish","format-standard","has-post-thumbnail","hentry","category-noticias","tag-taekwondo"],"_links":{"self":[{"href":"https:\/\/fedemanabi.com.ec\/wpman\/wp-json\/wp\/v2\/posts\/10393","targetHints":{"allow":["GET"]}}],"collection":[{"href":"https:\/\/fedemanabi.com.ec\/wpman\/wp-json\/wp\/v2\/posts"}],"about":[{"href":"https:\/\/fedemanabi.com.ec\/wpman\/wp-json\/wp\/v2\/types\/post"}],"author":[{"embeddable":true,"href":"https:\/\/fedemanabi.com.ec\/wpman\/wp-json\/wp\/v2\/users\/1"}],"replies":[{"embeddable":true,"href":"https:\/\/fedemanabi.com.ec\/wpman\/wp-json\/wp\/v2\/comments?post=10393"}],"version-history":[{"count":4,"href":"https:\/\/fedemanabi.com.ec\/wpman\/wp-json\/wp\/v2\/posts\/10393\/revisions"}],"predecessor-version":[{"id":10398,"href":"https:\/\/fedemanabi.com.ec\/wpman\/wp-json\/wp\/v2\/posts\/10393\/revisions\/10398"}],"wp:featuredmedia":[{"embeddable":true,"href":"https:\/\/fedemanabi.com.ec\/wpman\/wp-json\/wp\/v2\/media\/10394"}],"wp:attachment":[{"href":"https:\/\/fedemanabi.com.ec\/wpman\/wp-json\/wp\/v2\/media?parent=10393"}],"wp:term":[{"taxonomy":"category","embeddable":true,"href":"https:\/\/fedemanabi.com.ec\/wpman\/wp-json\/wp\/v2\/categories?post=10393"},{"taxonomy":"post_tag","embeddable":true,"href":"https:\/\/fedemanabi.com.ec\/wpman\/wp-json\/wp\/v2\/tags?post=10393"}],"curies":[{"name":"wp","href":"https:\/\/api.w.org\/{rel}","templated":true}]}}