{"id":11701,"date":"2025-07-16T18:19:27","date_gmt":"2025-07-16T18:19:27","guid":{"rendered":"https:\/\/fedemanabi.com.ec\/wpman\/?p=11701"},"modified":"2025-07-18T18:23:00","modified_gmt":"2025-07-18T18:23:00","slug":"damaris-castro-conquisto-dos-medallas-de-bronce-en-karate","status":"publish","type":"post","link":"https:\/\/fedemanabi.com.ec\/wpman\/blog\/2025\/07\/16\/damaris-castro-conquisto-dos-medallas-de-bronce-en-karate\/","title":{"rendered":"D\u00c1MARIS CASTRO CONQUIST\u00d3 DOS MEDALLAS DE BRONCE EN KARATE"},"content":{"rendered":"\t\t<div data-elementor-type=\"wp-post\" data-elementor-id=\"11701\" class=\"elementor elementor-11701\">\n\t\t\t\t<div class=\"elementor-element elementor-element-de94f46 e-flex e-con-boxed e-con e-parent\" data-id=\"de94f46\" data-element_type=\"container\" data-e-type=\"container\">\n\t\t\t\t\t<div class=\"e-con-inner\">\n\t\t\t\t<div class=\"elementor-element elementor-element-cc2b704 elementor-widget elementor-widget-text-editor\" data-id=\"cc2b704\" data-element_type=\"widget\" data-e-type=\"widget\" data-widget_type=\"text-editor.default\">\n\t\t\t\t<div class=\"elementor-widget-container\">\n\t\t\t\t\t\t\t\t\t<p><span class=\"html-span xexx8yu xyri2b x18d9i69 x1c1uobl x1hl2dhg x16tdsg8 x1vvkbs x3nfvp2 x1j61x8r x1fcty0u xdj266r xat24cr xm2jcoa x1mpyi22 xxymvpz xlup9mm x1kky2od\"><img decoding=\"async\" class=\"xz74otr x15mokao x1ga7v0g x16uus16 xbiv7yw\" src=\"https:\/\/static.xx.fbcdn.net\/images\/emoji.php\/v9\/t3f\/1\/16\/1f94b.png\" alt=\"\ud83e\udd4b\" width=\"16\" height=\"16\" \/><\/span> La destacada deportista manabita D\u00e1maris Castro conquist\u00f3 dos medallas de bronce en los Juegos Nacionales del Ciclo Juvenil Manab\u00ed 2025. Logr\u00f3 el tercer puesto tanto en Kumite (-48 kg) como en Kata Individual durante la primera jornada del torneo de karate.<\/p>\t\t\t\t\t\t\t\t<\/div>\n\t\t\t\t<\/div>\n\t\t\t\t\t<\/div>\n\t\t\t\t<\/div>\n\t\t\t\t<\/div>\n\t\t","protected":false},"excerpt":{"rendered":"<p>La destacada deportista manabita D\u00e1maris Castro conquist\u00f3 dos medallas de bronce<\/p>\n","protected":false},"author":1,"featured_media":11702,"comment_status":"closed","ping_status":"closed","sticky":false,"template":"","format":"standard","meta":{"footnotes":""},"categories":[118,52],"tags":[55],"class_list":["post-11701","post","type-post","status-publish","format-standard","has-post-thumbnail","hentry","category-juegos-nacionales-ciclo-juvenil-2025","category-noticias","tag-karate"],"_links":{"self":[{"href":"https:\/\/fedemanabi.com.ec\/wpman\/wp-json\/wp\/v2\/posts\/11701","targetHints":{"allow":["GET"]}}],"collection":[{"href":"https:\/\/fedemanabi.com.ec\/wpman\/wp-json\/wp\/v2\/posts"}],"about":[{"href":"https:\/\/fedemanabi.com.ec\/wpman\/wp-json\/wp\/v2\/types\/post"}],"author":[{"embeddable":true,"href":"https:\/\/fedemanabi.com.ec\/wpman\/wp-json\/wp\/v2\/users\/1"}],"replies":[{"embeddable":true,"href":"https:\/\/fedemanabi.com.ec\/wpman\/wp-json\/wp\/v2\/comments?post=11701"}],"version-history":[{"count":4,"href":"https:\/\/fedemanabi.com.ec\/wpman\/wp-json\/wp\/v2\/posts\/11701\/revisions"}],"predecessor-version":[{"id":11706,"href":"https:\/\/fedemanabi.com.ec\/wpman\/wp-json\/wp\/v2\/posts\/11701\/revisions\/11706"}],"wp:featuredmedia":[{"embeddable":true,"href":"https:\/\/fedemanabi.com.ec\/wpman\/wp-json\/wp\/v2\/media\/11702"}],"wp:attachment":[{"href":"https:\/\/fedemanabi.com.ec\/wpman\/wp-json\/wp\/v2\/media?parent=11701"}],"wp:term":[{"taxonomy":"category","embeddable":true,"href":"https:\/\/fedemanabi.com.ec\/wpman\/wp-json\/wp\/v2\/categories?post=11701"},{"taxonomy":"post_tag","embeddable":true,"href":"https:\/\/fedemanabi.com.ec\/wpman\/wp-json\/wp\/v2\/tags?post=11701"}],"curies":[{"name":"wp","href":"https:\/\/api.w.org\/{rel}","templated":true}]}}