{"id":12292,"date":"2026-02-25T03:07:16","date_gmt":"2026-02-25T03:07:16","guid":{"rendered":"https:\/\/fedemanabi.com.ec\/wpman\/?p=12292"},"modified":"2026-02-28T03:10:28","modified_gmt":"2026-02-28T03:10:28","slug":"festival-de-talentos-2026","status":"publish","type":"post","link":"https:\/\/fedemanabi.com.ec\/wpman\/blog\/2026\/02\/25\/festival-de-talentos-2026\/","title":{"rendered":"FESTIVAL DE TALENTOS 2026"},"content":{"rendered":"\t\t<div data-elementor-type=\"wp-post\" data-elementor-id=\"12292\" class=\"elementor elementor-12292\">\n\t\t\t\t<div class=\"elementor-element elementor-element-f558f67 e-flex e-con-boxed e-con e-parent\" data-id=\"f558f67\" data-element_type=\"container\" data-e-type=\"container\">\n\t\t\t\t\t<div class=\"e-con-inner\">\n\t\t\t\t<div class=\"elementor-element elementor-element-657299b elementor-widget elementor-widget-text-editor\" data-id=\"657299b\" data-element_type=\"widget\" data-e-type=\"widget\" data-widget_type=\"text-editor.default\">\n\t\t\t\t<div class=\"elementor-widget-container\">\n\t\t\t\t\t\t\t\t\t<div class=\"xdj266r x14z9mp xat24cr x1lziwak x1vvkbs x126k92a\"><div dir=\"auto\">Los microtenistas manabitas Emiliano Meza Santo y Mar\u00eda Pilar Mac\u00edas Saltos dejaron en alto el nombre de la provincia durante su participaci\u00f3n en el Festival de Talentos, organizado por la <span class=\"html-span xdj266r x14z9mp xat24cr x1lziwak xexx8yu xyri2b x18d9i69 x1c1uobl x1hl2dhg x16tdsg8 x1vvkbs\"><a class=\"x1i10hfl xjbqb8w x1ejq31n x18oe1m7 x1sy0etr xstzfhl x972fbf x10w94by x1qhh985 x14e42zd x9f619 x1ypdohk xt0psk2 x3ct3a4 xdj266r x14z9mp xat24cr x1lziwak xexx8yu xyri2b x18d9i69 x1c1uobl x16tdsg8 x1hl2dhg xggy1nq x1a2a7pz xkrqix3 x1sur9pj x1fey0fg x1s688f\" tabindex=\"0\" role=\"link\" href=\"https:\/\/www.facebook.com\/fetm17?__cft__[0]=AZbDP4IjAAVQqleb8f8_LmfqqszWUPoQ9CRKByteKAaPyiqL4tC5dndPfdntJNWTxQVc4T2pZqgWzhJuECrn3nfEMf0tARoRwz74L0dHTy7EQoWuqrKXW2O9miq-gqsycBMWNPKJ_sEYNy7BGrmwLjLVKXajSha4VIHU3Yl6NvPKhLi1q6_8Pm_BP-q3JM6uM7M&amp;__tn__=-]K-R\"><span class=\"xt0psk2\"><span class=\"xjp7ctv\">Federaci\u00f3n Ecuatoriana de Tenis de Mesa<\/span><\/span><\/a><\/span> (FETM).<\/div><div dir=\"auto\">\u00a0<\/div><\/div><div class=\"x14z9mp xat24cr x1lziwak x1vvkbs xtlvy1s x126k92a\"><div dir=\"auto\">El evento, que congreg\u00f3 a las j\u00f3venes promesas de esta disciplina a nivel nacional, se llev\u00f3 a cabo el pasado fin de semana (21 y 22 de febrero) en las instalaciones de la Concentraci\u00f3n Deportiva de Pichincha, en la ciudad de Quito.<\/div><\/div><div class=\"x14z9mp xat24cr x1lziwak x1vvkbs xtlvy1s x126k92a\"><div dir=\"auto\">\u00a0<\/div><div dir=\"auto\">Los deportistas, de los registros de <span class=\"html-span xdj266r x14z9mp xat24cr x1lziwak xexx8yu xyri2b x18d9i69 x1c1uobl x1hl2dhg x16tdsg8 x1vvkbs\"><a class=\"x1i10hfl xjbqb8w x1ejq31n x18oe1m7 x1sy0etr xstzfhl x972fbf x10w94by x1qhh985 x14e42zd x9f619 x1ypdohk xt0psk2 x3ct3a4 xdj266r x14z9mp xat24cr x1lziwak xexx8yu xyri2b x18d9i69 x1c1uobl x16tdsg8 x1hl2dhg xggy1nq x1a2a7pz xkrqix3 x1sur9pj x1fey0fg x1s688f\" tabindex=\"0\" role=\"link\" href=\"https:\/\/www.facebook.com\/FedeManabi?__cft__[0]=AZbDP4IjAAVQqleb8f8_LmfqqszWUPoQ9CRKByteKAaPyiqL4tC5dndPfdntJNWTxQVc4T2pZqgWzhJuECrn3nfEMf0tARoRwz74L0dHTy7EQoWuqrKXW2O9miq-gqsycBMWNPKJ_sEYNy7BGrmwLjLVKXajSha4VIHU3Yl6NvPKhLi1q6_8Pm_BP-q3JM6uM7M&amp;__tn__=-]K-R\"><span class=\"xt0psk2\"><span class=\"xjp7ctv\">Federaci\u00f3n Deportiva de Manab\u00ed<\/span><\/span><\/a><\/span> (Fedemanab\u00ed), estuvieron acompa\u00f1ados y guiados por sus entrenadores, Raquel Morales y Guillermo Pino, cuyo trabajo formativo fue clave para la participaci\u00f3n de los menores en esta importante cita.<\/div><\/div><div class=\"x14z9mp xat24cr x1lziwak x1vvkbs xtlvy1s x126k92a\"><div dir=\"auto\">\u00a0<\/div><div dir=\"auto\">El Festival de Talentos tuvo como objetivo principal evaluar el nivel actual de los microtenistas. Durante las dos jornadas, Emiliano y Mar\u00eda Pilar fueron sometidos a rigurosas pruebas que midieron su calidad t\u00e9cnica, precisi\u00f3n y control en las habilidades fundamentales del tenis de mesa. Asimismo, en el \u00e1mbito f\u00edsico, se analiz\u00f3 su desarrollo y cualidades espec\u00edficas necesarias para proyectarse en el deporte de alta competencia.<\/div><\/div><div class=\"x14z9mp xat24cr x1lziwak x1vvkbs xtlvy1s x126k92a\"><div dir=\"auto\">\u00a0<\/div><div dir=\"auto\">La presencia de los manabitas en este tipo de concentraciones demuestra el crecimiento y la proyecci\u00f3n del tenis de mesa en la provincia.<\/div><\/div>\t\t\t\t\t\t\t\t<\/div>\n\t\t\t\t<\/div>\n\t\t\t\t\t<\/div>\n\t\t\t\t<\/div>\n\t\t\t\t<\/div>\n\t\t","protected":false},"excerpt":{"rendered":"<p>Los microtenistas manabitas Emiliano Meza Santo y Mar\u00eda Pilar Mac\u00edas Saltos dejaron en alto el nombre de la provincia<\/p>\n","protected":false},"author":1,"featured_media":12305,"comment_status":"closed","ping_status":"closed","sticky":false,"template":"","format":"standard","meta":{"footnotes":""},"categories":[52],"tags":[71],"class_list":["post-12292","post","type-post","status-publish","format-standard","has-post-thumbnail","hentry","category-noticias","tag-tenis-de-mesa"],"_links":{"self":[{"href":"https:\/\/fedemanabi.com.ec\/wpman\/wp-json\/wp\/v2\/posts\/12292","targetHints":{"allow":["GET"]}}],"collection":[{"href":"https:\/\/fedemanabi.com.ec\/wpman\/wp-json\/wp\/v2\/posts"}],"about":[{"href":"https:\/\/fedemanabi.com.ec\/wpman\/wp-json\/wp\/v2\/types\/post"}],"author":[{"embeddable":true,"href":"https:\/\/fedemanabi.com.ec\/wpman\/wp-json\/wp\/v2\/users\/1"}],"replies":[{"embeddable":true,"href":"https:\/\/fedemanabi.com.ec\/wpman\/wp-json\/wp\/v2\/comments?post=12292"}],"version-history":[{"count":4,"href":"https:\/\/fedemanabi.com.ec\/wpman\/wp-json\/wp\/v2\/posts\/12292\/revisions"}],"predecessor-version":[{"id":12309,"href":"https:\/\/fedemanabi.com.ec\/wpman\/wp-json\/wp\/v2\/posts\/12292\/revisions\/12309"}],"wp:featuredmedia":[{"embeddable":true,"href":"https:\/\/fedemanabi.com.ec\/wpman\/wp-json\/wp\/v2\/media\/12305"}],"wp:attachment":[{"href":"https:\/\/fedemanabi.com.ec\/wpman\/wp-json\/wp\/v2\/media?parent=12292"}],"wp:term":[{"taxonomy":"category","embeddable":true,"href":"https:\/\/fedemanabi.com.ec\/wpman\/wp-json\/wp\/v2\/categories?post=12292"},{"taxonomy":"post_tag","embeddable":true,"href":"https:\/\/fedemanabi.com.ec\/wpman\/wp-json\/wp\/v2\/tags?post=12292"}],"curies":[{"name":"wp","href":"https:\/\/api.w.org\/{rel}","templated":true}]}}