{"id":12643,"date":"2026-04-17T18:23:37","date_gmt":"2026-04-17T18:23:37","guid":{"rendered":"https:\/\/fedemanabi.com.ec\/wpman\/?p=12643"},"modified":"2026-04-19T18:51:13","modified_gmt":"2026-04-19T18:51:13","slug":"luchadores-manabitas-fueron-contundentes-en-los-juegos-suramericanos-de-la-juventud-panama-2026","status":"publish","type":"post","link":"https:\/\/fedemanabi.com.ec\/wpman\/blog\/2026\/04\/17\/luchadores-manabitas-fueron-contundentes-en-los-juegos-suramericanos-de-la-juventud-panama-2026\/","title":{"rendered":"LUCHADORES MANABITAS FUERON CONTUNDENTES EN LOS JUEGOS SURAMERICANOS DE LA JUVENTUD PANAM\u00c1 2026"},"content":{"rendered":"\t\t<div data-elementor-type=\"wp-post\" data-elementor-id=\"12643\" class=\"elementor elementor-12643\">\n\t\t\t\t<div class=\"elementor-element elementor-element-975d65a e-flex e-con-boxed e-con e-parent\" data-id=\"975d65a\" data-element_type=\"container\" data-e-type=\"container\">\n\t\t\t\t\t<div class=\"e-con-inner\">\n\t\t\t\t<div class=\"elementor-element elementor-element-2134380 elementor-widget elementor-widget-text-editor\" data-id=\"2134380\" data-element_type=\"widget\" data-e-type=\"widget\" data-widget_type=\"text-editor.default\">\n\t\t\t\t<div class=\"elementor-widget-container\">\n\t\t\t\t\t\t\t\t\t<div class=\"x9f619 x1n2onr6 x1ja2u2z xeuugli xs83m0k xjl7jj x1xmf6yo x1xegmmw x1e56ztr x13fj5qh xnp8db0 x1d1medc x7ep2pv x1xzczws\">\n<div class=\"x7wzq59\">\n<div class=\"x78zum5 xdt5ytf xgpatz3\">\n<div class=\"x78zum5 xdt5ytf xgpatz3\">\n<div class=\"html-div xdj266r x14z9mp xat24cr x1lziwak xexx8yu xyri2b x18d9i69 x1c1uobl x78zum5 x1n2onr6 xh8yej3\">\n<div class=\"x1n2onr6 x1ja2u2z x1jx94hy xw5cjc7 x1dmpuos x1vsv7so xau1kf4 x9f619 xh8yej3 x6ikm8r x10wlt62 xquyuld xsag5q8\">\n<div class=\"x9f619 x1ja2u2z x78zum5 x2lah0s x1n2onr6 x1qughib x1qjc9v5 xozqiw3 x1q0g3np xv54qhq xf7dkkf x18d9i69 xyamay9 x1ws5yxj xw01apr x4cne27 xifccgj\">\n<div class=\"x9f619 x1n2onr6 x1ja2u2z x78zum5 xdt5ytf x193iq5w xeuugli x1r8uery x1iyjqo2 xs83m0k x1icxu4v x25sj25 x10b6aqq x1yrsyyn\">\n<div class=\"x6s0dn4 x78zum5 x1qughib xod5an3 x1gslohp\">\n<div class=\"x78zum5 xdt5ytf x4cne27 xifccgj\">\n<div class=\"xzueoph x1k70j0n\">\n<div class=\"x9f619 x1n2onr6 x1ja2u2z xeuugli xs83m0k xjl7jj x1xmf6yo x1xegmmw x1e56ztr x13fj5qh xnp8db0 x1d1medc x7ep2pv x1xzczws\">\n<div class=\"x7wzq59\">\n<div class=\"x78zum5 xdt5ytf xgpatz3\">\n<div class=\"x78zum5 xdt5ytf xgpatz3\">\n<div class=\"html-div xdj266r x14z9mp xat24cr x1lziwak xexx8yu xyri2b x18d9i69 x1c1uobl x78zum5 x1n2onr6 xh8yej3\">\n<div class=\"x1n2onr6 x1ja2u2z x1jx94hy xw5cjc7 x1dmpuos x1vsv7so xau1kf4 x9f619 xh8yej3 x6ikm8r x10wlt62 xquyuld xsag5q8\">\n<div class=\"x9f619 x1ja2u2z x78zum5 x2lah0s x1n2onr6 x1qughib x1qjc9v5 xozqiw3 x1q0g3np xv54qhq xf7dkkf x18d9i69 xyamay9 x1ws5yxj xw01apr x4cne27 xifccgj\">\n<div class=\"x9f619 x1n2onr6 x1ja2u2z x78zum5 xdt5ytf x193iq5w xeuugli x1r8uery x1iyjqo2 xs83m0k x1icxu4v x25sj25 x10b6aqq x1yrsyyn\">\n<div class=\"x6s0dn4 x78zum5 x1qughib xod5an3 x1gslohp\">\n<div class=\"x78zum5 xdt5ytf x4cne27 xifccgj\">\n<div class=\"xzueoph x1k70j0n\">\n<div class=\"x9f619 x1n2onr6 x1ja2u2z xeuugli xs83m0k xjl7jj x1xmf6yo x1xegmmw x1e56ztr x13fj5qh xnp8db0 x1d1medc x7ep2pv x1xzczws\">\n<div class=\"x7wzq59\">\n<div class=\"x78zum5 xdt5ytf xgpatz3\">\n<div class=\"x78zum5 xdt5ytf xgpatz3\">\n<div class=\"html-div xdj266r x14z9mp xat24cr x1lziwak xexx8yu xyri2b x18d9i69 x1c1uobl x78zum5 x1n2onr6 xh8yej3\">\n<div class=\"x1n2onr6 x1ja2u2z x1jx94hy xw5cjc7 x1dmpuos x1vsv7so xau1kf4 x9f619 xh8yej3 x6ikm8r x10wlt62 xquyuld xsag5q8\">\n<div class=\"x9f619 x1ja2u2z x78zum5 x2lah0s x1n2onr6 x1qughib x1qjc9v5 xozqiw3 x1q0g3np xv54qhq xf7dkkf x18d9i69 xyamay9 x1ws5yxj xw01apr x4cne27 xifccgj\">\n<div class=\"x9f619 x1n2onr6 x1ja2u2z x78zum5 xdt5ytf x193iq5w xeuugli x1r8uery x1iyjqo2 xs83m0k x1icxu4v x25sj25 x10b6aqq x1yrsyyn\">\n<div class=\"x6s0dn4 x78zum5 x1qughib xod5an3 x1gslohp\">\n<div class=\"x78zum5 xdt5ytf x4cne27 xifccgj\">\n<div class=\"xzueoph x1k70j0n\">\n<div class=\"x9f619 x1n2onr6 x1ja2u2z xeuugli xs83m0k xjl7jj x1xmf6yo x1xegmmw x1e56ztr x13fj5qh xnp8db0 x1d1medc x7ep2pv x1xzczws\">\n<div class=\"x7wzq59\">\n<div class=\"x78zum5 xdt5ytf xgpatz3\">\n<div class=\"x78zum5 xdt5ytf xgpatz3\">\n<div class=\"html-div xdj266r x14z9mp xat24cr x1lziwak xexx8yu xyri2b x18d9i69 x1c1uobl x78zum5 x1n2onr6 xh8yej3\">\n<div class=\"x1n2onr6 x1ja2u2z x1jx94hy xw5cjc7 x1dmpuos x1vsv7so xau1kf4 x9f619 xh8yej3 x6ikm8r x10wlt62 xquyuld xsag5q8\">\n<div class=\"x9f619 x1ja2u2z x78zum5 x2lah0s x1n2onr6 x1qughib x1qjc9v5 xozqiw3 x1q0g3np xv54qhq xf7dkkf x18d9i69 xyamay9 x1ws5yxj xw01apr x4cne27 xifccgj\">\n<div class=\"x9f619 x1n2onr6 x1ja2u2z x78zum5 xdt5ytf x193iq5w xeuugli x1r8uery x1iyjqo2 xs83m0k x1icxu4v x25sj25 x10b6aqq x1yrsyyn\">\n<div class=\"x6s0dn4 x78zum5 x1qughib xod5an3 x1gslohp\">\n<div class=\"x78zum5 xdt5ytf x4cne27 xifccgj\">\n<div class=\"xzueoph x1k70j0n\">Siete luchadores llevaron con orgullo la bandera de Manab\u00ed a los Juegos Suramericanos de la Juventud Panam\u00e1 2026. Durante tres intensos d\u00edas de competencia, los gladiadores manabitas demostraron su gran potencial en esta disciplina y dejaron el nombre del Ecuador en lo m\u00e1s alto del deporte sudamericano.<\/div>\n<\/div>\n<\/div>\n<\/div>\n<\/div>\n<\/div>\n<\/div>\n<\/div>\n<\/div>\n<\/div>\n<\/div>\n<div class=\"x9f619 x1n2onr6 x1ja2u2z xeuugli xs83m0k xjl7jj x1xmf6yo x1xegmmw x1e56ztr x13fj5qh x19h7ccj xu9j1y6 x7ep2pv\">\n<div class=\"x1yztbdb x1n2onr6 xh8yej3 x1ja2u2z\">\n<div class=\"x1n2onr6 x1ja2u2z\">\n<div class=\"x1a2a7pz\" aria-posinset=\"6\">\n<div class=\"x78zum5 xdt5ytf\" data-virtualized=\"false\">\n<div class=\"x9f619 x1n2onr6 x1ja2u2z\">\n<div class=\"html-div xdj266r x14z9mp xat24cr x1lziwak xexx8yu xyri2b x18d9i69 x1c1uobl x78zum5 x1n2onr6 xh8yej3\">\n<div class=\"x1n2onr6 x1ja2u2z x1jx94hy xw5cjc7 x1dmpuos x1vsv7so xau1kf4 x9f619 xh8yej3 x6ikm8r x10wlt62 xquyuld\">\n<div class=\"html-div xdj266r x14z9mp xat24cr x1lziwak xexx8yu xyri2b x18d9i69 x1c1uobl\">\n<div class=\"html-div xdj266r x14z9mp xat24cr x1lziwak xexx8yu xyri2b x18d9i69 x1c1uobl\">\n<div class=\"html-div xdj266r x14z9mp xat24cr x1lziwak xexx8yu xyri2b x18d9i69 x1c1uobl\">\n<div class=\"html-div xdj266r x14z9mp xat24cr x1lziwak xexx8yu xyri2b x18d9i69 x1c1uobl\">\n<div class=\"html-div xdj266r x14z9mp xat24cr x1lziwak xexx8yu xyri2b x18d9i69 x1c1uobl\" dir=\"auto\">\n<div class=\"html-div xdj266r x14z9mp xat24cr x1lziwak xexx8yu xyri2b x18d9i69 x1c1uobl\" data-ad-rendering-role=\"story_message\">\n<div class=\"x1l90r2v x1iorvi4 x1g0dm76 xpdmqnj\" data-ad-comet-preview=\"message\" data-ad-preview=\"message\">\n<div class=\"x78zum5 xdt5ytf xz62fqu x16ldp7u\">\n<div class=\"xu06os2 x1ok221b\">\n<div class=\"html-div xdj266r x14z9mp xat24cr x1lziwak xexx8yu xyri2b x18d9i69 x1c1uobl\">\n<div class=\"x14z9mp xat24cr x1lziwak x1vvkbs xtlvy1s x126k92a\">\n<div dir=\"auto\">Primera jornada<\/div>\n<div dir=\"auto\">&nbsp;<\/div>\n<\/div>\n<div class=\"x14z9mp xat24cr x1lziwak x1vvkbs xtlvy1s x126k92a\">\n<div dir=\"auto\">C\u00e9sar Arteaga destac\u00f3 al conseguir la medalla de plata en los 51 kg, dentro de la modalidad libre masculino.<\/div>\n<div dir=\"auto\">&nbsp;<\/div>\n<\/div>\n<div class=\"x14z9mp xat24cr x1lziwak x1vvkbs xtlvy1s x126k92a\">\n<div dir=\"auto\">Segunda jornada<\/div>\n<\/div>\n<div class=\"x14z9mp xat24cr x1lziwak x1vvkbs xtlvy1s x126k92a\">\n<div dir=\"auto\">Lleg\u00f3 el turno de nuestras guerreras en la modalidad de libre femenino. Yukasti Meza fue la m\u00e1s sobresaliente al obtener la presea de plata en los 43 kg. Por su parte, su hermana Xiomara Meza logr\u00f3 conquistar la medalla de bronce en los 49 kg. La otra luchadora manabita, Isabella Sevillano, tambi\u00e9n subi\u00f3 al podio al conseguir el bronce en los 73 kg.<\/div>\n<\/div>\n<div class=\"x14z9mp xat24cr x1lziwak x1vvkbs xtlvy1s x126k92a\">\n<div dir=\"auto\">Tercera y \u00faltima jornada<\/div><div dir=\"auto\"><br><\/div>\n<\/div>\n<div class=\"x14z9mp xat24cr x1lziwak x1vvkbs xtlvy1s x126k92a\">\n<div dir=\"auto\">Les toc\u00f3 el turno a nuestros guerreros en la modalidad grecorromana. Brack Morales brill\u00f3 con luz propia al darle a Ecuador la primera medalla de oro en esta cita deportiva, en los 48 kg, dejando a todos sus rivales en el camino con contundentes triunfos. Lhyam Gracia tambi\u00e9n brill\u00f3 sobre la colchoneta al obtener la medalla de oro en los 80 kg, cumpliendo excelentes combates que demostraron su gran poder\u00edo y garra. Manuel Garc\u00eda cumpli\u00f3 una destacada participaci\u00f3n al colgarse la medalla de plata en los 55 kg, donde estuvo cerca de lograr la tercera medalla dorada para el pa\u00eds.<\/div><div dir=\"auto\"><br><\/div>\n<\/div>\n<div class=\"x14z9mp xat24cr x1lziwak x1vvkbs xtlvy1s x126k92a\">\n<div dir=\"auto\">Con estos grandes resultados, nuestros luchadores demostraron un talento arrollador al conseguir el 100 % de efectividad: siete medallas de siete disputadas. Esto no es casualidad, sino el reflejo del gran trabajo que viene realizando la lucha ol\u00edmpica en la provincia, encabezado por su cuerpo t\u00e9cnico: el experimentado entrenador cubano C\u00e9sar Carracedo, junto a Sonia V\u00e9liz y Magaly Pincay.<\/div><div dir=\"auto\"><br><\/div>\n<\/div>\n<div class=\"x14z9mp xat24cr x1lziwak x1vvkbs xtlvy1s x126k92a\">\n<div dir=\"auto\">Cabe destacar tambi\u00e9n el invaluable apoyo de los padres de familia, pilar fundamental para el desarrollo de los deportistas.<\/div><div dir=\"auto\"><br><\/div>\n<\/div>\n<div class=\"x14z9mp xat24cr x1lziwak x1vvkbs xtlvy1s x126k92a\">\n<div dir=\"auto\">Desde Fedemanab\u00ed felicitamos y agradecemos a nuestros deportistas por estos grandes resultados, que dejan muy en alto el nombre de nuestra provincia y de todo el Ecuador.<\/div><div dir=\"auto\"><br><\/div>\n<\/div>\n<div class=\"x14z9mp xat24cr x1lziwak x1vvkbs xtlvy1s x126k92a\">\n<div dir=\"auto\">\u00a1Felicitaciones a todo el equipo!<\/div>\n<\/div>\n<\/div>\n<\/div>\n<\/div>\n<\/div>\n<\/div>\n<\/div>\n<\/div>\n<\/div>\n<\/div>\n<\/div>\n<\/div>\n<\/div>\n<\/div>\n<\/div>\n<\/div>\n<\/div>\n<\/div>\n<\/div>\n<\/div>\n<\/div>\n<\/div>\n<\/div>\n<\/div>\n<\/div>\n<\/div>\n<\/div>\n<\/div>\n<\/div>\n<\/div>\n<\/div>\n<\/div>\n<\/div>\n<\/div>\n<\/div>\n<\/div>\n<\/div>\n<\/div>\n<\/div>\n<\/div>\n<\/div>\n<\/div>\n<\/div>\n<\/div>\n<\/div>\n<\/div>\n<\/div>\n<\/div>\n<\/div>\n<\/div>\n<\/div>\n<\/div>\t\t\t\t\t\t\t\t<\/div>\n\t\t\t\t<\/div>\n\t\t\t\t\t<\/div>\n\t\t\t\t<\/div>\n\t\t\t\t<\/div>\n\t\t","protected":false},"excerpt":{"rendered":"<p>Siete luchadores llevaron con orgullo la bandera de Manab\u00ed a los Juegos Suramericanos de la Juventud Panam\u00e1 <\/p>\n","protected":false},"author":1,"featured_media":12644,"comment_status":"closed","ping_status":"closed","sticky":false,"template":"","format":"standard","meta":{"footnotes":""},"categories":[119,52,1],"tags":[69],"class_list":["post-12643","post","type-post","status-publish","format-standard","has-post-thumbnail","hentry","category-internacionales","category-noticias","category-uncategorized","tag-lucha"],"_links":{"self":[{"href":"https:\/\/fedemanabi.com.ec\/wpman\/wp-json\/wp\/v2\/posts\/12643","targetHints":{"allow":["GET"]}}],"collection":[{"href":"https:\/\/fedemanabi.com.ec\/wpman\/wp-json\/wp\/v2\/posts"}],"about":[{"href":"https:\/\/fedemanabi.com.ec\/wpman\/wp-json\/wp\/v2\/types\/post"}],"author":[{"embeddable":true,"href":"https:\/\/fedemanabi.com.ec\/wpman\/wp-json\/wp\/v2\/users\/1"}],"replies":[{"embeddable":true,"href":"https:\/\/fedemanabi.com.ec\/wpman\/wp-json\/wp\/v2\/comments?post=12643"}],"version-history":[{"count":4,"href":"https:\/\/fedemanabi.com.ec\/wpman\/wp-json\/wp\/v2\/posts\/12643\/revisions"}],"predecessor-version":[{"id":12648,"href":"https:\/\/fedemanabi.com.ec\/wpman\/wp-json\/wp\/v2\/posts\/12643\/revisions\/12648"}],"wp:featuredmedia":[{"embeddable":true,"href":"https:\/\/fedemanabi.com.ec\/wpman\/wp-json\/wp\/v2\/media\/12644"}],"wp:attachment":[{"href":"https:\/\/fedemanabi.com.ec\/wpman\/wp-json\/wp\/v2\/media?parent=12643"}],"wp:term":[{"taxonomy":"category","embeddable":true,"href":"https:\/\/fedemanabi.com.ec\/wpman\/wp-json\/wp\/v2\/categories?post=12643"},{"taxonomy":"post_tag","embeddable":true,"href":"https:\/\/fedemanabi.com.ec\/wpman\/wp-json\/wp\/v2\/tags?post=12643"}],"curies":[{"name":"wp","href":"https:\/\/api.w.org\/{rel}","templated":true}]}}